{"id":1401,"date":"2022-06-20T13:33:40","date_gmt":"2022-06-20T11:33:40","guid":{"rendered":"http:\/\/seilziehclub-gonten.ch\/?p=1401"},"modified":"2022-06-20T13:33:40","modified_gmt":"2022-06-20T11:33:40","slug":"schweisstreibendes-saeaelzueche-in-eggerstanden","status":"publish","type":"post","link":"https:\/\/seilziehclub-gonten.ch\/?p=1401","title":{"rendered":"Schweisstreibendes &#8218;S\u00e4\u00e4lz\u00fcche&#8216; in Eggerstanden"},"content":{"rendered":"\n<p>Bei pr\u00e4chtigstem Heuwetter war in Eggerstanden am vergangenen Wochenende \u00abS\u00e4\u00e4lz\u00fcche\u00bb angesagt. Der Zuschauerandrang hielt sich vielleicht deshalb etwas in Grenzen. Am Samstag stellten sich ab 19 Uhr die Kategorien \u00abManne Plausch\u00bb und \u00abMix Plausch\u00bb dem Wettkampf. Anschliessend war im Festzelt mit den \u00abPromillos\u00bb f\u00fcr Unterhaltung gesorgt. Am Sonntagvormittag massen sich die Kleinen in zwei Kategorien, insgesamt zw\u00f6lf Mannschaften standen am Seil. Am Nachmittag zog zuerst die U23-Liga und gleich anschliessend hiess es f\u00fcr die Kategorie 580kg \u00abSeil hoch\u00bb. Wie die Impressionen von Monika Schmid zeigen, wurde auf beiden Seiten geschwitzt \u2013 Wasserschw\u00e4mme und -spr\u00fcher waren hoch im Kurs, ebenso wie literweise Mineralwasser. Unsere Gontner- Mixmannschaft konnte sich den f\u00fcnften Schlussrang erziehen &amp; weitere Erfahrungen sammeln. Die Appenzeller- Mixmannschaft wurde von vier Gonterinnen unterst\u00fctzt. <\/p>\n\n\n\n<figure class=\"is-layout-flex wp-block-gallery-1 wp-block-gallery has-nested-images columns-default is-cropped\">\n<figure class=\"wp-block-image size-large\"><a href=\"http:\/\/seilziehclub-gonten.ch\/wordpress\/wp-content\/uploads\/2022\/06\/mit-Schwung-in-den-Kampf-952x536-2.jpg\"><img decoding=\"async\" loading=\"lazy\" width=\"952\" height=\"536\" data-id=\"1403\"  src=\"http:\/\/seilziehclub-gonten.ch\/wordpress\/wp-content\/uploads\/2022\/06\/mit-Schwung-in-den-Kampf-952x536-2.jpg\" alt=\"\" class=\"wp-image-1403\" srcset=\"https:\/\/seilziehclub-gonten.ch\/wordpress\/wp-content\/uploads\/2022\/06\/mit-Schwung-in-den-Kampf-952x536-2.jpg 952w, https:\/\/seilziehclub-gonten.ch\/wordpress\/wp-content\/uploads\/2022\/06\/mit-Schwung-in-den-Kampf-952x536-2-300x169.jpg 300w, https:\/\/seilziehclub-gonten.ch\/wordpress\/wp-content\/uploads\/2022\/06\/mit-Schwung-in-den-Kampf-952x536-2-768x432.jpg 768w\" sizes=\"(max-width: 952px) 100vw, 952px\" \/><\/a><\/figure>\n\n\n\n<figure class=\"wp-block-image size-large\"><a href=\"http:\/\/seilziehclub-gonten.ch\/wordpress\/wp-content\/uploads\/2022\/06\/unbenannt-18-1536x1024-1.jpg\"><img decoding=\"async\" loading=\"lazy\" width=\"1536\" height=\"1024\" data-id=\"1404\"  src=\"http:\/\/seilziehclub-gonten.ch\/wordpress\/wp-content\/uploads\/2022\/06\/unbenannt-18-1536x1024-1.jpg\" alt=\"\" class=\"wp-image-1404\" srcset=\"https:\/\/seilziehclub-gonten.ch\/wordpress\/wp-content\/uploads\/2022\/06\/unbenannt-18-1536x1024-1.jpg 1536w, https:\/\/seilziehclub-gonten.ch\/wordpress\/wp-content\/uploads\/2022\/06\/unbenannt-18-1536x1024-1-300x200.jpg 300w, https:\/\/seilziehclub-gonten.ch\/wordpress\/wp-content\/uploads\/2022\/06\/unbenannt-18-1536x1024-1-1024x683.jpg 1024w, https:\/\/seilziehclub-gonten.ch\/wordpress\/wp-content\/uploads\/2022\/06\/unbenannt-18-1536x1024-1-768x512.jpg 768w\" sizes=\"(max-width: 1536px) 100vw, 1536px\" \/><\/a><\/figure>\n\n\n\n<figure class=\"wp-block-image size-large is-style-default\"><a href=\"http:\/\/seilziehclub-gonten.ch\/wordpress\/wp-content\/uploads\/2022\/06\/unbenannt-26-952x536-1.jpg\"><img decoding=\"async\" loading=\"lazy\" width=\"952\" height=\"536\" data-id=\"1405\"  src=\"http:\/\/seilziehclub-gonten.ch\/wordpress\/wp-content\/uploads\/2022\/06\/unbenannt-26-952x536-1.jpg\" alt=\"\" class=\"wp-image-1405\" srcset=\"https:\/\/seilziehclub-gonten.ch\/wordpress\/wp-content\/uploads\/2022\/06\/unbenannt-26-952x536-1.jpg 952w, https:\/\/seilziehclub-gonten.ch\/wordpress\/wp-content\/uploads\/2022\/06\/unbenannt-26-952x536-1-300x169.jpg 300w, https:\/\/seilziehclub-gonten.ch\/wordpress\/wp-content\/uploads\/2022\/06\/unbenannt-26-952x536-1-768x432.jpg 768w\" sizes=\"(max-width: 952px) 100vw, 952px\" \/><\/a><\/figure>\n\n\n\n<figure class=\"wp-block-image size-large\"><a href=\"http:\/\/seilziehclub-gonten.ch\/wordpress\/wp-content\/uploads\/2022\/06\/unbenannt-27-952x536-1.jpg\"><img decoding=\"async\" loading=\"lazy\" width=\"952\" height=\"536\" data-id=\"1406\"  src=\"http:\/\/seilziehclub-gonten.ch\/wordpress\/wp-content\/uploads\/2022\/06\/unbenannt-27-952x536-1.jpg\" alt=\"\" class=\"wp-image-1406\" srcset=\"https:\/\/seilziehclub-gonten.ch\/wordpress\/wp-content\/uploads\/2022\/06\/unbenannt-27-952x536-1.jpg 952w, https:\/\/seilziehclub-gonten.ch\/wordpress\/wp-content\/uploads\/2022\/06\/unbenannt-27-952x536-1-300x169.jpg 300w, https:\/\/seilziehclub-gonten.ch\/wordpress\/wp-content\/uploads\/2022\/06\/unbenannt-27-952x536-1-768x432.jpg 768w\" sizes=\"(max-width: 952px) 100vw, 952px\" \/><\/a><\/figure>\n\n\n\n<figure class=\"wp-block-image size-large\"><a href=\"http:\/\/seilziehclub-gonten.ch\/wordpress\/wp-content\/uploads\/2022\/06\/unbenannt-31-952x536-1.jpg\"><img decoding=\"async\" loading=\"lazy\" width=\"952\" height=\"536\" data-id=\"1407\"  src=\"http:\/\/seilziehclub-gonten.ch\/wordpress\/wp-content\/uploads\/2022\/06\/unbenannt-31-952x536-1.jpg\" alt=\"\" class=\"wp-image-1407\" srcset=\"https:\/\/seilziehclub-gonten.ch\/wordpress\/wp-content\/uploads\/2022\/06\/unbenannt-31-952x536-1.jpg 952w, https:\/\/seilziehclub-gonten.ch\/wordpress\/wp-content\/uploads\/2022\/06\/unbenannt-31-952x536-1-300x169.jpg 300w, https:\/\/seilziehclub-gonten.ch\/wordpress\/wp-content\/uploads\/2022\/06\/unbenannt-31-952x536-1-768x432.jpg 768w\" sizes=\"(max-width: 952px) 100vw, 952px\" \/><\/a><\/figure>\n<\/figure>\n","protected":false},"excerpt":{"rendered":"<p>Bei pr\u00e4chtigstem Heuwetter war in Eggerstanden am vergangenen Wochenende \u00abS\u00e4\u00e4lz\u00fcche\u00bb angesagt. Der Zuschauerandrang hielt sich vielleicht deshalb etwas in Grenzen. Am Samstag stellten sich ab 19 Uhr die Kategorien \u00abManne Plausch\u00bb und \u00abMix Plausch\u00bb dem Wettkampf. Anschliessend war im Festzelt mit den \u00abPromillos\u00bb f\u00fcr Unterhaltung gesorgt. Am Sonntagvormittag massen sich die Kleinen in zwei Kategorien, &hellip; <a class=\"read-excerpt\" href=\"https:\/\/seilziehclub-gonten.ch\/?p=1401\">Weiterlesen <span class=\"meta-nav\">&raquo;<\/span><\/a><\/p>\n","protected":false},"author":130,"featured_media":0,"comment_status":"closed","ping_status":"closed","sticky":false,"template":"","format":"standard","meta":{"ngg_post_thumbnail":0},"categories":[1],"tags":[],"jetpack_featured_media_url":"","_links":{"self":[{"href":"https:\/\/seilziehclub-gonten.ch\/index.php?rest_route=\/wp\/v2\/posts\/1401"}],"collection":[{"href":"https:\/\/seilziehclub-gonten.ch\/index.php?rest_route=\/wp\/v2\/posts"}],"about":[{"href":"https:\/\/seilziehclub-gonten.ch\/index.php?rest_route=\/wp\/v2\/types\/post"}],"author":[{"embeddable":true,"href":"https:\/\/seilziehclub-gonten.ch\/index.php?rest_route=\/wp\/v2\/users\/130"}],"replies":[{"embeddable":true,"href":"https:\/\/seilziehclub-gonten.ch\/index.php?rest_route=%2Fwp%2Fv2%2Fcomments&post=1401"}],"version-history":[{"count":1,"href":"https:\/\/seilziehclub-gonten.ch\/index.php?rest_route=\/wp\/v2\/posts\/1401\/revisions"}],"predecessor-version":[{"id":1408,"href":"https:\/\/seilziehclub-gonten.ch\/index.php?rest_route=\/wp\/v2\/posts\/1401\/revisions\/1408"}],"wp:attachment":[{"href":"https:\/\/seilziehclub-gonten.ch\/index.php?rest_route=%2Fwp%2Fv2%2Fmedia&parent=1401"}],"wp:term":[{"taxonomy":"category","embeddable":true,"href":"https:\/\/seilziehclub-gonten.ch\/index.php?rest_route=%2Fwp%2Fv2%2Fcategories&post=1401"},{"taxonomy":"post_tag","embeddable":true,"href":"https:\/\/seilziehclub-gonten.ch\/index.php?rest_route=%2Fwp%2Fv2%2Ftags&post=1401"}],"curies":[{"name":"wp","href":"https:\/\/api.w.org\/{rel}","templated":true}]}}